{"id":2382,"date":"2019-03-08T13:20:06","date_gmt":"2019-03-08T11:20:06","guid":{"rendered":"https:\/\/pcteams.kreisseniorenrat-boeblingen.de\/?p=2382"},"modified":"2025-06-18T23:18:01","modified_gmt":"2025-06-18T21:18:01","slug":"pc-team-gaertringen-2-16","status":"publish","type":"post","link":"https:\/\/kreisseniorenrat-boeblingen.de\/pcteams\/?p=2382","title":{"rendered":"Seniorentreff &#8211; PC Internetcaf\u00e9"},"content":{"rendered":"<p>Template f\u00fcr Teambeschreibung:<\/p>\n<div class=\"WordSection1\">\n<table border=\"2\" cellpadding=\"10\">\n<tbody>\n<tr>\n<td style=\"padding-left: 10px;\" valign=\"top\" width=\"150\"><strong>Stadt\/Gemeinde<\/strong><\/td>\n<td valign=\"top\" width=\"200\">Sch\u00f6naich<\/td>\n<th style=\"text-align: center;\" rowspan=\"2\" valign=\"top\" width=\"350\"><img loading=\"lazy\" decoding=\"async\" class=\"size-medium wp-image-7863 aligncenter\" src=\"https:\/\/kreisseniorenrat-boeblingen.de\/pcteams\/wp-content\/uploads\/2019\/03\/Logo_ST-Schoenaich_500-300x150.jpg\" alt=\"\" width=\"300\" height=\"150\" srcset=\"https:\/\/kreisseniorenrat-boeblingen.de\/pcteams\/wp-content\/uploads\/2019\/03\/Logo_ST-Schoenaich_500-300x150.jpg 300w, https:\/\/kreisseniorenrat-boeblingen.de\/pcteams\/wp-content\/uploads\/2019\/03\/Logo_ST-Schoenaich_500.jpg 500w\" sizes=\"auto, (max-width: 300px) 100vw, 300px\" \/><\/th>\n<\/tr>\n<tr>\n<td style=\"padding-left: 10px;\" valign=\"top\" width=\"150\"><strong>Name des Teams<\/strong><\/td>\n<td valign=\"top\" width=\"200\">Seniorentreff &#8211; PC Internetcaf\u00e9<\/td>\n<\/tr>\n<tr>\n<td style=\"padding-left: 10px;\" valign=\"top\" width=\"150\"><strong>Kontakt<\/strong><\/td>\n<td colspan=\"2\" valign=\"top\" width=\"200\">Seniorenbegegnungsst\u00e4tte<br \/>\nIm Hasenb\u00fchl 22<br \/>\n71101 Sch\u00f6naich<br \/>\n<a href=\"http:\/\/www.seniorentreff-schoenaich.de\">www.seniorentreff-schoenaich.de<\/a><br \/>\n<br \/>\nBarbara Hamm<br \/>\n07031- 418407<br \/>\n<a href=\"mailto:info@seniorentreff-schoenaich.de\">info@seniorentreff-schoenaich.de<\/a><\/td>\n<\/tr>\n<\/tbody>\n<\/table>\n<p>&nbsp;<\/p>\n<table style=\"height: 281px;\" border=\"2\" width=\"883\" cellpadding=\"10\">\n<tbody>\n<tr>\n<td style=\"padding-left: 10px;\"><strong>Zielsetzung:<\/strong><\/p>\n<ul>\n<li>Unser Ziel ist es, dem Anspruch unserer Besucher gerecht zu werden, Hilfe rund um den PC anzubieten und den Einstieg in die Medien wie Laptop, Tablet und Smartphone zu erm\u00f6glichen und zu erleichtern<\/li>\n<li>Gerne stehen wir Ihnen beratend zur Seite und zeigen das Funktionieren von Betriebssystemen und das Installieren von Programmen; ganz nach Ihren individuellen Bed\u00fcrfnissen.<\/li>\n<li>Fragen und Hilfe rund um den PC, Notebook, Tablet, Smartphone und Internet.<\/li>\n<\/ul>\n<p><strong>Vorgehensweise:<\/strong><\/p>\n<ul>\n<li>\n<p style=\"font-weight: 400;\">Unser Team besteht aus sechs hoch motivierten, ehrenamtlichen Betreuern aus der IT-Branche.<\/p>\n<\/li>\n<li>\n<p style=\"font-weight: 400;\">Das Computercaf\u00e9 ist ein Ort der Geselligkeit. Hier kann man Erfahrungen und Wissen austauschen, Lebensqualit\u00e4t erhalten und verbessern.<\/p>\n<\/li>\n<li>\n<p style=\"font-weight: 400;\"><span style=\"font-family: inherit; font-size: inherit;\">Mit dem Computercaf\u00e9 haben wir ein Angebot geschaffen, das den Bed\u00fcrfnissen der Bev\u00f6lkerung gerecht wird.<\/span><\/p>\n<\/li>\n<li>\n<p style=\"font-weight: 400;\"><span style=\"font-weight: 400;\">Wir leisten einen Beitrag zum Erhalt der Selbst\u00e4ndigkeit und geistiger Fitness bis ins hohe Alter. <\/span><\/p>\n<\/li>\n<li>\n<p style=\"font-weight: 400;\"><span style=\"font-weight: 400;\">Der Einstieg in die \u201cNeuen Medien\u201d wird erm\u00f6glicht und erleichtert. <\/span><\/p>\n<\/li>\n<li>\n<p style=\"font-weight: 400;\"><span style=\"font-weight: 400;\">Wir wollen dem technischen Fortschritt folgen und das notwendige Wissen dazu vermitteln. <\/span><\/p>\n<\/li>\n<li>\n<p style=\"font-weight: 400;\"><span style=\"font-weight: 400;\">Unter fachlicher Anleitung machen wir sie mit Computer und Internet vertraut. <\/span><\/p>\n<\/li>\n<li>\n<p style=\"font-weight: 400;\"><span style=\"font-weight: 400;\">Auf ihre Fragen und W\u00fcnsche gehen wir individuell ein und freuen uns \u00fcber jeden Besucher.<\/span><\/p>\n<\/li>\n<li>\n<p style=\"font-weight: 400;\"><span style=\"font-weight: 400;\">Jeder kann ohne Anmeldung teilnehmen. <\/span><\/p>\n<\/li>\n<li><span style=\"font-weight: 400;\">Der erhobene <strong>Unkostenbeitrag von 5.-\u20ac pro Nachmittag<\/strong> wird f\u00fcr Neuanschaffungen des PC-Caf\u00e9s verwendet.<\/span><\/li>\n<\/ul>\n<\/td>\n<\/tr>\n<\/tbody>\n<\/table>\n<p>&nbsp;<\/p>\n<table border=\"2\" cellpadding=\"10\">\n<tbody>\n<tr>\n<td style=\"padding-left: 10px;\" valign=\"top\" width=\"200\"><strong>Das Team besteht seit<\/strong><\/td>\n<td valign=\"top\" width=\"500\">2002<\/td>\n<\/tr>\n<tr>\n<td style=\"padding-left: 10px;\" valign=\"top\" width=\"200\"><strong>Anzahl der Team-Mitglieder <\/strong><\/td>\n<td valign=\"top\" width=\"500\">6<\/td>\n<\/tr>\n<tr>\n<td style=\"padding-left: 10px;\" valign=\"top\" width=\"200\"><strong>Anzahl der Arbeitspl\u00e4tze<\/strong><\/td>\n<td valign=\"top\" width=\"500\">8<\/td>\n<\/tr>\n<tr>\n<td style=\"padding-left: 10px;\" valign=\"top\" width=\"200\"><strong>Regelm\u00e4\u00dfige Treffs<\/strong><\/td>\n<td valign=\"top\" width=\"500\">jeden Mittwoch, au\u00dfer an Feiertagen und w\u00e4hrend der Sommer- und Winterferien.<\/td>\n<\/tr>\n<tr>\n<td style=\"padding-left: 10px;\" valign=\"top\" width=\"200\"><strong>Ausstattung Trainingsraum<\/strong><\/td>\n<td valign=\"top\" width=\"500\">Smart-TV, Router, 8 PCs &gt; 1,5 Ghz., Tablet, Drucker, Picasa, LAN, WLAN sowie Backup Hardware.<\/td>\n<\/tr>\n<tr>\n<td style=\"padding-left: 10px;\" valign=\"top\" width=\"200\"><strong>Unterst\u00fctzung bei<\/strong><\/td>\n<td valign=\"top\" width=\"500\">MS-Windows, Linux,\u00a0 Android, MS-Office, Open-\/Libre-Office und vielen anderen mehr.<\/td>\n<\/tr>\n<tr>\n<td style=\"padding-left: 10px;\" valign=\"top\" width=\"200\"><strong>Zusammenarbeit mit anderen Organisationen, z.B. VHS<\/strong><\/td>\n<td style=\"padding-left: 10px;\" valign=\"top\" width=\"500\">Nein<\/td>\n<\/tr>\n<tr>\n<td style=\"padding-left: 10px;\" valign=\"top\" width=\"200\"><strong>Zusammenarbeit, Kooperation und Informationsaustausch gew\u00fcnscht<\/strong><\/td>\n<td valign=\"top\" width=\"500\">Ja<\/td>\n<\/tr>\n<tr>\n<td style=\"padding-left: 10px;\" valign=\"top\" width=\"200\"><strong>Anmerkungen<\/strong><\/td>\n<td valign=\"top\" width=\"500\">Besucher k\u00f6nnen eigene HW mitbringen (Laptops, Tablets, Smartphones)<\/p>\n<div><b>Unsere Termine werden auch im Amtsblatt ver\u00f6ffentlicht !<\/b><\/div>\n<\/td>\n<\/tr>\n<\/tbody>\n<\/table>\n<\/div>\n","protected":false},"excerpt":{"rendered":"<p>Template f\u00fcr Teambeschreibung: Stadt\/Gemeinde Sch\u00f6naich Name des Teams Seniorentreff &#8211; PC Internetcaf\u00e9 Kontakt Seniorenbegegnungsst\u00e4tte Im Hasenb\u00fchl 22 71101 Sch\u00f6naich www.seniorentreff-schoenaich.de Barbara Hamm 07031- 418407 info@seniorentreff-schoenaich.de &nbsp; Zielsetzung: Unser Ziel ist es, dem Anspruch unserer Besucher gerecht zu werden, Hilfe rund um den PC anzubieten und den Einstieg in die Medien wie Laptop, Tablet und Smartphone&hellip;<\/p>\n <a href=\"https:\/\/kreisseniorenrat-boeblingen.de\/pcteams\/?p=2382\" title=\"Seniorentreff &#8211; PC Internetcaf\u00e9\" class=\"entry-more-link\"><span>Read More<\/span> <span class=\"screen-reader-text\">Seniorentreff &#8211; PC Internetcaf\u00e9<\/span><\/a>","protected":false},"author":19,"featured_media":0,"comment_status":"closed","ping_status":"closed","sticky":true,"template":"","format":"standard","meta":{"_acf_changed":false,"ngg_post_thumbnail":0,"Layout":"","footnotes":""},"categories":[2],"tags":[],"class_list":["entry","author-dieterk","post-2382","post","type-post","status-publish","format-standard","category-allgemein"],"acf":[],"_links":{"self":[{"href":"https:\/\/kreisseniorenrat-boeblingen.de\/pcteams\/index.php?rest_route=\/wp\/v2\/posts\/2382","targetHints":{"allow":["GET"]}}],"collection":[{"href":"https:\/\/kreisseniorenrat-boeblingen.de\/pcteams\/index.php?rest_route=\/wp\/v2\/posts"}],"about":[{"href":"https:\/\/kreisseniorenrat-boeblingen.de\/pcteams\/index.php?rest_route=\/wp\/v2\/types\/post"}],"author":[{"embeddable":true,"href":"https:\/\/kreisseniorenrat-boeblingen.de\/pcteams\/index.php?rest_route=\/wp\/v2\/users\/19"}],"replies":[{"embeddable":true,"href":"https:\/\/kreisseniorenrat-boeblingen.de\/pcteams\/index.php?rest_route=%2Fwp%2Fv2%2Fcomments&post=2382"}],"version-history":[{"count":22,"href":"https:\/\/kreisseniorenrat-boeblingen.de\/pcteams\/index.php?rest_route=\/wp\/v2\/posts\/2382\/revisions"}],"predecessor-version":[{"id":8165,"href":"https:\/\/kreisseniorenrat-boeblingen.de\/pcteams\/index.php?rest_route=\/wp\/v2\/posts\/2382\/revisions\/8165"}],"wp:attachment":[{"href":"https:\/\/kreisseniorenrat-boeblingen.de\/pcteams\/index.php?rest_route=%2Fwp%2Fv2%2Fmedia&parent=2382"}],"wp:term":[{"taxonomy":"category","embeddable":true,"href":"https:\/\/kreisseniorenrat-boeblingen.de\/pcteams\/index.php?rest_route=%2Fwp%2Fv2%2Fcategories&post=2382"},{"taxonomy":"post_tag","embeddable":true,"href":"https:\/\/kreisseniorenrat-boeblingen.de\/pcteams\/index.php?rest_route=%2Fwp%2Fv2%2Ftags&post=2382"}],"curies":[{"name":"wp","href":"https:\/\/api.w.org\/{rel}","templated":true}]}}