{"id":328,"date":"2020-07-24T09:22:00","date_gmt":"2020-07-24T07:22:00","guid":{"rendered":"http:\/\/neu.kreisseniorenrat-boeblingen.de\/?p=328"},"modified":"2023-05-02T11:19:48","modified_gmt":"2023-05-02T09:19:48","slug":"31-schreibwettbewerb-mutgeschichten","status":"publish","type":"post","link":"https:\/\/kreisseniorenrat-boeblingen.de\/ksrbb\/31-schreibwettbewerb-mutgeschichten\/","title":{"rendered":"31. Schreibwettbewerb &#8222;Mutgeschichten&#8220;"},"content":{"rendered":"\n<p class=\"wp-block-paragraph\">Der&nbsp;31. Schreibwettbewerb im Jahr&nbsp;2020&nbsp;hatte das Thema &#8222;Mutgeschichten&#8220;. 73 Autorinnen und Autoren im Alter von 8 bis 94 Jahren reichten 79 interessante Geschichten zu diesem Thema ein. Zahlreiche Preise wurden vergeben. In einer sch\u00f6nen Feier, zu der Corona-bedingt leider nur die Preistr\u00e4ger*innen eingeladen werden konnten, wurden die Preise in feierlichem Rahmen am 24. Juli 2020 \u00fcberreicht. Das neugestaltete Leseheft mit schickem Design und den Geschichten der Preistr\u00e4ger*innen finden Sie <a href=\"http:\/\/neu.kreisseniorenrat-boeblingen.de\/wp-content\/uploads\/2023\/05\/2020-Schreibwettbewerb.pdf\">hier<\/a>. Einen Bericht des KSR \u00fcber diese Preisverleihung finden Sie&nbsp;<a href=\"http:\/\/neu.kreisseniorenrat-boeblingen.de\/wp-content\/uploads\/2023\/05\/2021-Schreibwettb-Abschlussbericht.pdf\">h<\/a><a href=\"http:\/\/neu.kreisseniorenrat-boeblingen.de\/wp-content\/uploads\/2023\/05\/2020-KSR-Schreibwettb.pdf\">ier<\/a> und einen&nbsp;Bericht der B\u00f6blinger Kreiszeitung finden Sie&nbsp;<a href=\"http:\/\/neu.kreisseniorenrat-boeblingen.de\/wp-content\/uploads\/2023\/05\/2020-Schreibwettbewerb-BBKRZ.pdf\">hier<\/a>.<\/p>\n","protected":false},"excerpt":{"rendered":"<p>Der&nbsp;31. Schreibwettbewerb im Jahr&nbsp;2020&nbsp;hatte das Thema &#8222;Mutgeschichten&#8220;. 73 Autorinnen und Autoren im Alter von 8 bis 94 Jahren reichten 79 interessante Geschichten zu diesem Thema ein. Zahlreiche Preise wurden vergeben. In einer sch\u00f6nen Feier, zu der Corona-bedingt leider nur die Preistr\u00e4ger*innen eingeladen werden konnten, wurden die Preise in feierlichem Rahmen am 24. Juli 2020 \u00fcberreicht. [&hellip;]<\/p>\n","protected":false},"author":2,"featured_media":0,"comment_status":"open","ping_status":"open","sticky":false,"template":"","format":"standard","meta":{"_crdt_document":"","ocean_post_layout":"","ocean_both_sidebars_style":"","ocean_both_sidebars_content_width":0,"ocean_both_sidebars_sidebars_width":0,"ocean_sidebar":"0","ocean_second_sidebar":"0","ocean_disable_margins":"enable","ocean_add_body_class":"","ocean_shortcode_before_top_bar":"","ocean_shortcode_after_top_bar":"","ocean_shortcode_before_header":"","ocean_shortcode_after_header":"","ocean_has_shortcode":"","ocean_shortcode_after_title":"","ocean_shortcode_before_footer_widgets":"","ocean_shortcode_after_footer_widgets":"","ocean_shortcode_before_footer_bottom":"","ocean_shortcode_after_footer_bottom":"","ocean_display_top_bar":"default","ocean_display_header":"default","ocean_header_style":"","ocean_center_header_left_menu":"0","ocean_custom_header_template":"0","ocean_custom_logo":0,"ocean_custom_retina_logo":0,"ocean_custom_logo_max_width":0,"ocean_custom_logo_tablet_max_width":0,"ocean_custom_logo_mobile_max_width":0,"ocean_custom_logo_max_height":0,"ocean_custom_logo_tablet_max_height":0,"ocean_custom_logo_mobile_max_height":0,"ocean_header_custom_menu":"0","ocean_menu_typo_font_family":"0","ocean_menu_typo_font_subset":"","ocean_menu_typo_font_size":0,"ocean_menu_typo_font_size_tablet":0,"ocean_menu_typo_font_size_mobile":0,"ocean_menu_typo_font_size_unit":"px","ocean_menu_typo_font_weight":"","ocean_menu_typo_font_weight_tablet":"","ocean_menu_typo_font_weight_mobile":"","ocean_menu_typo_transform":"","ocean_menu_typo_transform_tablet":"","ocean_menu_typo_transform_mobile":"","ocean_menu_typo_line_height":0,"ocean_menu_typo_line_height_tablet":0,"ocean_menu_typo_line_height_mobile":0,"ocean_menu_typo_line_height_unit":"","ocean_menu_typo_spacing":0,"ocean_menu_typo_spacing_tablet":0,"ocean_menu_typo_spacing_mobile":0,"ocean_menu_typo_spacing_unit":"","ocean_menu_link_color":"","ocean_menu_link_color_hover":"","ocean_menu_link_color_active":"","ocean_menu_link_background":"","ocean_menu_link_hover_background":"","ocean_menu_link_active_background":"","ocean_menu_social_links_bg":"","ocean_menu_social_hover_links_bg":"","ocean_menu_social_links_color":"","ocean_menu_social_hover_links_color":"","ocean_disable_title":"default","ocean_disable_heading":"default","ocean_post_title":"","ocean_post_subheading":"","ocean_post_title_style":"","ocean_post_title_background_color":"","ocean_post_title_background":0,"ocean_post_title_bg_image_position":"","ocean_post_title_bg_image_attachment":"","ocean_post_title_bg_image_repeat":"","ocean_post_title_bg_image_size":"","ocean_post_title_height":0,"ocean_post_title_bg_overlay":0.5,"ocean_post_title_bg_overlay_color":"","ocean_disable_breadcrumbs":"default","ocean_breadcrumbs_color":"","ocean_breadcrumbs_separator_color":"","ocean_breadcrumbs_links_color":"","ocean_breadcrumbs_links_hover_color":"","ocean_display_footer_widgets":"default","ocean_display_footer_bottom":"default","ocean_custom_footer_template":"0","ocean_post_oembed":"","ocean_post_self_hosted_media":"","ocean_post_video_embed":"","ocean_link_format":"","ocean_link_format_target":"self","ocean_quote_format":"","ocean_quote_format_link":"post","ocean_gallery_link_images":"off","ocean_gallery_id":[],"footnotes":""},"categories":[15],"tags":[],"class_list":["post-328","post","type-post","status-publish","format-standard","hentry","category-schreibwettbewerb","entry"],"_links":{"self":[{"href":"https:\/\/kreisseniorenrat-boeblingen.de\/ksrbb\/wp-json\/wp\/v2\/posts\/328","targetHints":{"allow":["GET"]}}],"collection":[{"href":"https:\/\/kreisseniorenrat-boeblingen.de\/ksrbb\/wp-json\/wp\/v2\/posts"}],"about":[{"href":"https:\/\/kreisseniorenrat-boeblingen.de\/ksrbb\/wp-json\/wp\/v2\/types\/post"}],"author":[{"embeddable":true,"href":"https:\/\/kreisseniorenrat-boeblingen.de\/ksrbb\/wp-json\/wp\/v2\/users\/2"}],"replies":[{"embeddable":true,"href":"https:\/\/kreisseniorenrat-boeblingen.de\/ksrbb\/wp-json\/wp\/v2\/comments?post=328"}],"version-history":[{"count":5,"href":"https:\/\/kreisseniorenrat-boeblingen.de\/ksrbb\/wp-json\/wp\/v2\/posts\/328\/revisions"}],"predecessor-version":[{"id":404,"href":"https:\/\/kreisseniorenrat-boeblingen.de\/ksrbb\/wp-json\/wp\/v2\/posts\/328\/revisions\/404"}],"wp:attachment":[{"href":"https:\/\/kreisseniorenrat-boeblingen.de\/ksrbb\/wp-json\/wp\/v2\/media?parent=328"}],"wp:term":[{"taxonomy":"category","embeddable":true,"href":"https:\/\/kreisseniorenrat-boeblingen.de\/ksrbb\/wp-json\/wp\/v2\/categories?post=328"},{"taxonomy":"post_tag","embeddable":true,"href":"https:\/\/kreisseniorenrat-boeblingen.de\/ksrbb\/wp-json\/wp\/v2\/tags?post=328"}],"curies":[{"name":"wp","href":"https:\/\/api.w.org\/{rel}","templated":true}]}}